{"id":8301,"date":"2026-04-21T17:37:42","date_gmt":"2026-04-21T17:37:42","guid":{"rendered":"https:\/\/www.trasdemar.com\/home\/?p=8301"},"modified":"2026-04-21T17:37:54","modified_gmt":"2026-04-21T17:37:54","slug":"presentacion-del-libro-ojos-que-ven-abismos-de-rafael-jose-diaz-en-la-palma","status":"publish","type":"post","link":"https:\/\/www.trasdemar.com\/home\/narrativa\/presentacion-del-libro-ojos-que-ven-abismos-de-rafael-jose-diaz-en-la-palma\/","title":{"rendered":"Presentaci\u00f3n del libro &#8220;Ojos que ven abismos&#8221; de Rafael-Jos\u00e9 D\u00edaz en La Palma"},"content":{"rendered":"<div class=\"wp-block-image\">\n<figure class=\"aligncenter size-full\"><img loading=\"lazy\" width=\"569\" height=\"805\" src=\"https:\/\/www.trasdemar.com\/home\/wp-content\/uploads\/2026\/04\/rafa.jpg\" alt=\"\" class=\"wp-image-8302\" srcset=\"https:\/\/www.trasdemar.com\/home\/wp-content\/uploads\/2026\/04\/rafa.jpg 569w, https:\/\/www.trasdemar.com\/home\/wp-content\/uploads\/2026\/04\/rafa-212x300.jpg 212w\" sizes=\"(max-width: 569px) 100vw, 569px\" \/><figcaption>Mercurio Editorial<\/figcaption><\/figure><\/div>\n\n\n<p class=\"has-drop-cap\" style=\"font-size:31px\">En la Revista Trasdemar difundimos la actualidad literaria de las islas, compartimos el lanzamiento editorial de &#8220;<em>Ojos que ven abismos<\/em>&#8221; del autor Rafael-Jos\u00e9 D\u00edaz (Tenerife, 1971), un nuevo volumen publicado por Mercurio Editorial que re\u00fane los noventa y siete relatos escritos por el escritor canario entre 2010 y 2019. La presentaci\u00f3n literaria tendr\u00e1 lugar este jueves 23 de abril, a partir de las 19 horas, en la Biblioteca de la Real Sociedad Cosmol\u00f3gica de la isla de La Palma. <\/p>\n\n\n\n<p style=\"font-size:31px\">Este libro de narrativa contempla textos en prosa pr\u00f3ximos en ocasiones a la escritura po\u00e9tica y casi nunca de f\u00e1cil adscripci\u00f3n al g\u00e9nero narrativo. Es una d\u00e9cada completa de escritura que, en el plano biogr\u00e1fico de Rafael-Jos\u00e9 D\u00edaz, estuvo dividida de forma m\u00e1s o menos equilibrada entre la estancia del autor en Madrid, hasta 2015, y su posterior regreso a Tenerife, que se prolonga hasta el d\u00eda de hoy.<\/p>\n\n\n\n<p style=\"font-size:31px\">Las dos primeras secciones que conforman este volumen se publicaron inicialmente ediciones de difusi\u00f3n limitada, concretamente en los libros <em>El letargo<\/em> (Ediciones La playa del ojo, 2016) y <em>De un modo enigm\u00e1tico<\/em> (Ediciones Franz, 2020). \u00danicamente la \u00faltima, \u201cCuando llegaron los cad\u00e1veres\u201d, es in\u00e9dita. El libro, de 500 p\u00e1ginas, constituye una ocasi\u00f3n para acceder a toda la narrativa breve del autor escrita en la pasada d\u00e9cada.<\/p>\n\n\n\n<p style=\"font-size:31px\">En una po\u00e9tica de su escritura narrativa fechada en 2016 Rafael-Jos\u00e9 D\u00edaz escribi\u00f3: \u201cLa escritura es un ejercicio de aproximaci\u00f3n a los l\u00edmites. Lo que ocurre es que los l\u00edmites son siempre mudables, difusos, casi siempre imperceptibles, por lo que la escritura va tras ellos y, cuando cree haberlos alcanzado, se da cuenta de que est\u00e1 en el centro de su propia y sopor\u00edfera esfera y tiene que salir a escape, una vez m\u00e1s. As\u00ed ocurre en ese trasfondo de bordes que se superponen, en esa respiraci\u00f3n de pasadizos que se comunican, o en alturas vertiginosas como las de esos promontorios que dan a un acantilado en el que se abren huecos que dan a senderos que se precipitan en playas que llevan hasta faros que iluminan un barranco por el que se sube a uno de aquellos promontorios del principio: la escritura es una mutiladora de la continuidad, busca encontrar salidas hasta en las m\u00e1s desasosegantes situaciones y sacia su implacable sed de visiones incluso en la m\u00e1s anodina de las realidades.\u201d\u00a0<\/p>\n\n\n<div class=\"wp-block-image\">\n<figure class=\"aligncenter size-full\"><img loading=\"lazy\" width=\"463\" height=\"393\" src=\"http:\/\/www.trasdemar.com\/home\/wp-content\/uploads\/2024\/08\/rafael-j-diaz.jpg\" alt=\"\" class=\"wp-image-6757\" srcset=\"https:\/\/www.trasdemar.com\/home\/wp-content\/uploads\/2024\/08\/rafael-j-diaz.jpg 463w, https:\/\/www.trasdemar.com\/home\/wp-content\/uploads\/2024\/08\/rafael-j-diaz-300x255.jpg 300w\" sizes=\"(max-width: 463px) 100vw, 463px\" \/><figcaption>Cortes\u00eda del autor<\/figcaption><\/figure><\/div> ","protected":false},"excerpt":{"rendered":"<p>En la Revista Trasdemar difundimos la actualidad literaria de las islas<\/p>\n","protected":false},"author":1,"featured_media":8302,"comment_status":"open","ping_status":"closed","sticky":false,"template":"","format":"standard","meta":[],"categories":[12],"tags":[25],"blocksy_meta":"","yoast_head":"<!-- This site is optimized with the Yoast SEO plugin v15.5 - https:\/\/yoast.com\/wordpress\/plugins\/seo\/ -->\n<title>Presentaci\u00f3n del libro &quot;Ojos que ven abismos&quot; de Rafael-Jos\u00e9 D\u00edaz en La Palma - trasdemar<\/title>\n<meta name=\"robots\" content=\"index, follow, max-snippet:-1, max-image-preview:large, max-video-preview:-1\" \/>\n<link rel=\"canonical\" href=\"https:\/\/www.trasdemar.com\/home\/narrativa\/presentacion-del-libro-ojos-que-ven-abismos-de-rafael-jose-diaz-en-la-palma\/\" \/>\n<meta property=\"og:locale\" content=\"es_ES\" \/>\n<meta property=\"og:type\" content=\"article\" \/>\n<meta property=\"og:title\" content=\"Presentaci\u00f3n del libro &quot;Ojos que ven abismos&quot; de Rafael-Jos\u00e9 D\u00edaz en La Palma - trasdemar\" \/>\n<meta property=\"og:description\" content=\"En la Revista Trasdemar difundimos la actualidad literaria de las islas\" \/>\n<meta property=\"og:url\" content=\"https:\/\/www.trasdemar.com\/home\/narrativa\/presentacion-del-libro-ojos-que-ven-abismos-de-rafael-jose-diaz-en-la-palma\/\" \/>\n<meta property=\"og:site_name\" content=\"trasdemar\" \/>\n<meta property=\"article:published_time\" content=\"2026-04-21T17:37:42+00:00\" \/>\n<meta property=\"article:modified_time\" content=\"2026-04-21T17:37:54+00:00\" \/>\n<meta property=\"og:image\" content=\"https:\/\/www.trasdemar.com\/home\/wp-content\/uploads\/2026\/04\/rafa.jpg\" \/>\n\t<meta property=\"og:image:width\" content=\"569\" \/>\n\t<meta property=\"og:image:height\" content=\"805\" \/>\n<meta name=\"twitter:card\" content=\"summary_large_image\" \/>\n<meta name=\"twitter:label1\" content=\"Tiempo de lectura\">\n\t<meta name=\"twitter:data1\" content=\"2 minutos\">\n<script type=\"application\/ld+json\" class=\"yoast-schema-graph\">{\"@context\":\"https:\/\/schema.org\",\"@graph\":[{\"@type\":\"WebSite\",\"@id\":\"https:\/\/www.trasdemar.com\/home\/#website\",\"url\":\"https:\/\/www.trasdemar.com\/home\/\",\"name\":\"trasdemar\",\"description\":\"Revista digital de Literaturas Insulares\",\"potentialAction\":[{\"@type\":\"SearchAction\",\"target\":\"https:\/\/www.trasdemar.com\/home\/?s={search_term_string}\",\"query-input\":\"required name=search_term_string\"}],\"inLanguage\":\"es\"},{\"@type\":\"ImageObject\",\"@id\":\"https:\/\/www.trasdemar.com\/home\/narrativa\/presentacion-del-libro-ojos-que-ven-abismos-de-rafael-jose-diaz-en-la-palma\/#primaryimage\",\"inLanguage\":\"es\",\"url\":\"https:\/\/www.trasdemar.com\/home\/wp-content\/uploads\/2026\/04\/rafa.jpg\",\"width\":569,\"height\":805},{\"@type\":\"WebPage\",\"@id\":\"https:\/\/www.trasdemar.com\/home\/narrativa\/presentacion-del-libro-ojos-que-ven-abismos-de-rafael-jose-diaz-en-la-palma\/#webpage\",\"url\":\"https:\/\/www.trasdemar.com\/home\/narrativa\/presentacion-del-libro-ojos-que-ven-abismos-de-rafael-jose-diaz-en-la-palma\/\",\"name\":\"Presentaci\\u00f3n del libro \\\"Ojos que ven abismos\\\" de Rafael-Jos\\u00e9 D\\u00edaz en La Palma - trasdemar\",\"isPartOf\":{\"@id\":\"https:\/\/www.trasdemar.com\/home\/#website\"},\"primaryImageOfPage\":{\"@id\":\"https:\/\/www.trasdemar.com\/home\/narrativa\/presentacion-del-libro-ojos-que-ven-abismos-de-rafael-jose-diaz-en-la-palma\/#primaryimage\"},\"datePublished\":\"2026-04-21T17:37:42+00:00\",\"dateModified\":\"2026-04-21T17:37:54+00:00\",\"author\":{\"@id\":\"https:\/\/www.trasdemar.com\/home\/#\/schema\/person\/503e9aad32a05d7cc28787030b4f693e\"},\"inLanguage\":\"es\",\"potentialAction\":[{\"@type\":\"ReadAction\",\"target\":[\"https:\/\/www.trasdemar.com\/home\/narrativa\/presentacion-del-libro-ojos-que-ven-abismos-de-rafael-jose-diaz-en-la-palma\/\"]}]},{\"@type\":\"Person\",\"@id\":\"https:\/\/www.trasdemar.com\/home\/#\/schema\/person\/503e9aad32a05d7cc28787030b4f693e\",\"name\":\"Redacci\\u00f3n\",\"image\":{\"@type\":\"ImageObject\",\"@id\":\"https:\/\/www.trasdemar.com\/home\/#personlogo\",\"inLanguage\":\"es\",\"url\":\"https:\/\/secure.gravatar.com\/avatar\/d2ac25c3f30a9c84b42491ac63a465ac?s=96&d=mm&r=g\",\"caption\":\"Redacci\\u00f3n\"},\"sameAs\":[\"http:\/\/www.trasdemar.com\/home\"]}]}<\/script>\n<!-- \/ Yoast SEO plugin. -->","_links":{"self":[{"href":"https:\/\/www.trasdemar.com\/home\/wp-json\/wp\/v2\/posts\/8301"}],"collection":[{"href":"https:\/\/www.trasdemar.com\/home\/wp-json\/wp\/v2\/posts"}],"about":[{"href":"https:\/\/www.trasdemar.com\/home\/wp-json\/wp\/v2\/types\/post"}],"author":[{"embeddable":true,"href":"https:\/\/www.trasdemar.com\/home\/wp-json\/wp\/v2\/users\/1"}],"replies":[{"embeddable":true,"href":"https:\/\/www.trasdemar.com\/home\/wp-json\/wp\/v2\/comments?post=8301"}],"version-history":[{"count":1,"href":"https:\/\/www.trasdemar.com\/home\/wp-json\/wp\/v2\/posts\/8301\/revisions"}],"predecessor-version":[{"id":8306,"href":"https:\/\/www.trasdemar.com\/home\/wp-json\/wp\/v2\/posts\/8301\/revisions\/8306"}],"wp:featuredmedia":[{"embeddable":true,"href":"https:\/\/www.trasdemar.com\/home\/wp-json\/wp\/v2\/media\/8302"}],"wp:attachment":[{"href":"https:\/\/www.trasdemar.com\/home\/wp-json\/wp\/v2\/media?parent=8301"}],"wp:term":[{"taxonomy":"category","embeddable":true,"href":"https:\/\/www.trasdemar.com\/home\/wp-json\/wp\/v2\/categories?post=8301"},{"taxonomy":"post_tag","embeddable":true,"href":"https:\/\/www.trasdemar.com\/home\/wp-json\/wp\/v2\/tags?post=8301"}],"curies":[{"name":"wp","href":"https:\/\/api.w.org\/{rel}","templated":true}]}}