{"id":8297,"date":"2026-04-20T20:21:05","date_gmt":"2026-04-20T20:21:05","guid":{"rendered":"https:\/\/www.trasdemar.com\/home\/?p=8297"},"modified":"2026-04-20T20:21:09","modified_gmt":"2026-04-20T20:21:09","slug":"presentacion-del-libro-tiempo-de-ciruelos-y-adjetivos-de-alicia-llarena","status":"publish","type":"post","link":"https:\/\/www.trasdemar.com\/home\/actualidad\/presentacion-del-libro-tiempo-de-ciruelos-y-adjetivos-de-alicia-llarena\/","title":{"rendered":"Presentaci\u00f3n del libro &#8220;Tiempo de ciruelos y adjetivos&#8221; de Alicia Llarena"},"content":{"rendered":"\n<figure class=\"wp-block-image size-large\"><img loading=\"lazy\" width=\"726\" height=\"1024\" src=\"https:\/\/www.trasdemar.com\/home\/wp-content\/uploads\/2026\/04\/Portada-Tiempo-de-ciruelos-y-adjetivos-726x1024.jpg\" alt=\"\" class=\"wp-image-8298\" srcset=\"https:\/\/www.trasdemar.com\/home\/wp-content\/uploads\/2026\/04\/Portada-Tiempo-de-ciruelos-y-adjetivos-726x1024.jpg 726w, https:\/\/www.trasdemar.com\/home\/wp-content\/uploads\/2026\/04\/Portada-Tiempo-de-ciruelos-y-adjetivos-213x300.jpg 213w, https:\/\/www.trasdemar.com\/home\/wp-content\/uploads\/2026\/04\/Portada-Tiempo-de-ciruelos-y-adjetivos-768x1083.jpg 768w, https:\/\/www.trasdemar.com\/home\/wp-content\/uploads\/2026\/04\/Portada-Tiempo-de-ciruelos-y-adjetivos-1089x1536.jpg 1089w, https:\/\/www.trasdemar.com\/home\/wp-content\/uploads\/2026\/04\/Portada-Tiempo-de-ciruelos-y-adjetivos-1452x2048.jpg 1452w, https:\/\/www.trasdemar.com\/home\/wp-content\/uploads\/2026\/04\/Portada-Tiempo-de-ciruelos-y-adjetivos.jpg 1744w\" sizes=\"(max-width: 726px) 100vw, 726px\" \/><\/figure>\n\n\n\n<p class=\"has-drop-cap\" style=\"font-size:31px\">Desde la Revista Trasdemar difundimos la actualidad literaria de las islas, compartimos la presentaci\u00f3n del libro &#8220;Tiempo de ciruelos y adjetivos&#8221; de la escritora y profesora Alicia Llarena, un volumen antol\u00f3gico publicado por el Gobierno de Canarias, a trav\u00e9s del sello Nectarina Editorial, con motivo del reconocimiento del D\u00eda de las Escritoras que el pasado a\u00f1o fue dedicado a la autora grancanaria.<\/p>\n\n\n\n<p style=\"font-size:31px\">El libro po\u00e9tico abarca una selecci\u00f3n de poemas, relatos y ensayo de Alicia Llarena, una ocasi\u00f3n perfecta par acercar la obra literaria de la autora a los lectores. La presentaci\u00f3n literaria tendr\u00e1 lugar este martes, 21 de abril, a las 19:00 horas, en la Biblioteca P\u00fablica del Estado en Las Palmas de Gran Canaria, en un evento cultural que contar\u00e1 con la presencia de la autora, quien estar\u00e1 acompa\u00f1ada por el viceconsejero de Cultura, Horacio Umpi\u00e9rrez, adem\u00e1s de los autores Victoriano Santana Sanjurjo, Beatriz Morales y V\u00edctor \u00c1lamo de la Rosa.<\/p>\n\n\n\n<p class=\"has-drop-cap\" style=\"font-size:31px\">Alicia Llarena es poeta, narradora y ensayista, adem\u00e1s de profesora e investigadora. Catedr\u00e1tica de Literatura Hispanoamericana en la Universidad de Las Palmas de Gran Canaria, desarrolla su labor docente e investigadora en esta instituci\u00f3n desde 1987.<\/p>\n\n\n\n<p style=\"font-size:31px\">A lo largo de su trayectoria universitaria, ha ocupado diversos puestos de responsabilidad, entre ellos el de presidenta del Defensor Universitario, vicedecana de Ordenaci\u00f3n Acad\u00e9mica de la Facultad de Filolog\u00eda, miembro electo del Claustro Universitario y coordinadora del \u00c1rea de Literatura Espa\u00f1ola y Teor\u00eda de la Literatura del Departamento de Filolog\u00eda Espa\u00f1ola. Desde 2005 es Miembro de N\u00famero de la Academia Canaria de la Lengua.<\/p>\n ","protected":false},"excerpt":{"rendered":"<p>Desde la Revista Trasdemar difundimos la actualidad literaria de las islas<\/p>\n","protected":false},"author":1,"featured_media":8298,"comment_status":"open","ping_status":"closed","sticky":false,"template":"","format":"standard","meta":[],"categories":[9],"tags":[31],"blocksy_meta":"","yoast_head":"<!-- This site is optimized with the Yoast SEO plugin v15.5 - https:\/\/yoast.com\/wordpress\/plugins\/seo\/ -->\n<title>Presentaci\u00f3n del libro &quot;Tiempo de ciruelos y adjetivos&quot; de Alicia Llarena - trasdemar<\/title>\n<meta name=\"robots\" content=\"index, follow, max-snippet:-1, max-image-preview:large, max-video-preview:-1\" \/>\n<link rel=\"canonical\" href=\"https:\/\/www.trasdemar.com\/home\/actualidad\/presentacion-del-libro-tiempo-de-ciruelos-y-adjetivos-de-alicia-llarena\/\" \/>\n<meta property=\"og:locale\" content=\"es_ES\" \/>\n<meta property=\"og:type\" content=\"article\" \/>\n<meta property=\"og:title\" content=\"Presentaci\u00f3n del libro &quot;Tiempo de ciruelos y adjetivos&quot; de Alicia Llarena - trasdemar\" \/>\n<meta property=\"og:description\" content=\"Desde la Revista Trasdemar difundimos la actualidad literaria de las islas\" \/>\n<meta property=\"og:url\" content=\"https:\/\/www.trasdemar.com\/home\/actualidad\/presentacion-del-libro-tiempo-de-ciruelos-y-adjetivos-de-alicia-llarena\/\" \/>\n<meta property=\"og:site_name\" content=\"trasdemar\" \/>\n<meta property=\"article:published_time\" content=\"2026-04-20T20:21:05+00:00\" \/>\n<meta property=\"article:modified_time\" content=\"2026-04-20T20:21:09+00:00\" \/>\n<meta property=\"og:image\" content=\"https:\/\/www.trasdemar.com\/home\/wp-content\/uploads\/2026\/04\/Portada-Tiempo-de-ciruelos-y-adjetivos.jpg\" \/>\n\t<meta property=\"og:image:width\" content=\"1744\" \/>\n\t<meta property=\"og:image:height\" content=\"2460\" \/>\n<meta name=\"twitter:card\" content=\"summary_large_image\" \/>\n<meta name=\"twitter:label1\" content=\"Tiempo de lectura\">\n\t<meta name=\"twitter:data1\" content=\"1 minuto\">\n<script type=\"application\/ld+json\" class=\"yoast-schema-graph\">{\"@context\":\"https:\/\/schema.org\",\"@graph\":[{\"@type\":\"WebSite\",\"@id\":\"https:\/\/www.trasdemar.com\/home\/#website\",\"url\":\"https:\/\/www.trasdemar.com\/home\/\",\"name\":\"trasdemar\",\"description\":\"Revista digital de Literaturas Insulares\",\"potentialAction\":[{\"@type\":\"SearchAction\",\"target\":\"https:\/\/www.trasdemar.com\/home\/?s={search_term_string}\",\"query-input\":\"required name=search_term_string\"}],\"inLanguage\":\"es\"},{\"@type\":\"ImageObject\",\"@id\":\"https:\/\/www.trasdemar.com\/home\/actualidad\/presentacion-del-libro-tiempo-de-ciruelos-y-adjetivos-de-alicia-llarena\/#primaryimage\",\"inLanguage\":\"es\",\"url\":\"https:\/\/www.trasdemar.com\/home\/wp-content\/uploads\/2026\/04\/Portada-Tiempo-de-ciruelos-y-adjetivos.jpg\",\"width\":1744,\"height\":2460},{\"@type\":\"WebPage\",\"@id\":\"https:\/\/www.trasdemar.com\/home\/actualidad\/presentacion-del-libro-tiempo-de-ciruelos-y-adjetivos-de-alicia-llarena\/#webpage\",\"url\":\"https:\/\/www.trasdemar.com\/home\/actualidad\/presentacion-del-libro-tiempo-de-ciruelos-y-adjetivos-de-alicia-llarena\/\",\"name\":\"Presentaci\\u00f3n del libro \\\"Tiempo de ciruelos y adjetivos\\\" de Alicia Llarena - trasdemar\",\"isPartOf\":{\"@id\":\"https:\/\/www.trasdemar.com\/home\/#website\"},\"primaryImageOfPage\":{\"@id\":\"https:\/\/www.trasdemar.com\/home\/actualidad\/presentacion-del-libro-tiempo-de-ciruelos-y-adjetivos-de-alicia-llarena\/#primaryimage\"},\"datePublished\":\"2026-04-20T20:21:05+00:00\",\"dateModified\":\"2026-04-20T20:21:09+00:00\",\"author\":{\"@id\":\"https:\/\/www.trasdemar.com\/home\/#\/schema\/person\/503e9aad32a05d7cc28787030b4f693e\"},\"inLanguage\":\"es\",\"potentialAction\":[{\"@type\":\"ReadAction\",\"target\":[\"https:\/\/www.trasdemar.com\/home\/actualidad\/presentacion-del-libro-tiempo-de-ciruelos-y-adjetivos-de-alicia-llarena\/\"]}]},{\"@type\":\"Person\",\"@id\":\"https:\/\/www.trasdemar.com\/home\/#\/schema\/person\/503e9aad32a05d7cc28787030b4f693e\",\"name\":\"Redacci\\u00f3n\",\"image\":{\"@type\":\"ImageObject\",\"@id\":\"https:\/\/www.trasdemar.com\/home\/#personlogo\",\"inLanguage\":\"es\",\"url\":\"https:\/\/secure.gravatar.com\/avatar\/d2ac25c3f30a9c84b42491ac63a465ac?s=96&d=mm&r=g\",\"caption\":\"Redacci\\u00f3n\"},\"sameAs\":[\"http:\/\/www.trasdemar.com\/home\"]}]}<\/script>\n<!-- \/ Yoast SEO plugin. -->","_links":{"self":[{"href":"https:\/\/www.trasdemar.com\/home\/wp-json\/wp\/v2\/posts\/8297"}],"collection":[{"href":"https:\/\/www.trasdemar.com\/home\/wp-json\/wp\/v2\/posts"}],"about":[{"href":"https:\/\/www.trasdemar.com\/home\/wp-json\/wp\/v2\/types\/post"}],"author":[{"embeddable":true,"href":"https:\/\/www.trasdemar.com\/home\/wp-json\/wp\/v2\/users\/1"}],"replies":[{"embeddable":true,"href":"https:\/\/www.trasdemar.com\/home\/wp-json\/wp\/v2\/comments?post=8297"}],"version-history":[{"count":1,"href":"https:\/\/www.trasdemar.com\/home\/wp-json\/wp\/v2\/posts\/8297\/revisions"}],"predecessor-version":[{"id":8300,"href":"https:\/\/www.trasdemar.com\/home\/wp-json\/wp\/v2\/posts\/8297\/revisions\/8300"}],"wp:featuredmedia":[{"embeddable":true,"href":"https:\/\/www.trasdemar.com\/home\/wp-json\/wp\/v2\/media\/8298"}],"wp:attachment":[{"href":"https:\/\/www.trasdemar.com\/home\/wp-json\/wp\/v2\/media?parent=8297"}],"wp:term":[{"taxonomy":"category","embeddable":true,"href":"https:\/\/www.trasdemar.com\/home\/wp-json\/wp\/v2\/categories?post=8297"},{"taxonomy":"post_tag","embeddable":true,"href":"https:\/\/www.trasdemar.com\/home\/wp-json\/wp\/v2\/tags?post=8297"}],"curies":[{"name":"wp","href":"https:\/\/api.w.org\/{rel}","templated":true}]}}